{"id":94739,"date":"2026-01-29T17:41:06","date_gmt":"2026-01-29T16:41:06","guid":{"rendered":"https:\/\/www.duits.de\/docenten\/?p=94739"},"modified":"2026-01-29T17:43:15","modified_gmt":"2026-01-29T16:43:15","slug":"resilienz-was-uns-stark-macht","status":"publish","type":"post","link":"https:\/\/www.duits.de\/docenten\/2026\/01\/29\/resilienz-was-uns-stark-macht\/","title":{"rendered":"Resilienz &#8211; Was uns stark macht"},"content":{"rendered":"\n<h3 class=\"has-text-align-left\"><strong>12 Ideen f\u00fcr Ihren Unterricht zum Thema Resilienz<\/strong><\/h3>\n\n\n\n<p class=\"has-text-align-left\"><strong>Der Kalender 2026 des Goethe-Instituts<\/strong>: <\/p>\n\n\n\n<p class=\"has-text-align-left\">Auf der Website <a href=\"https:\/\/www.goethe.de\/de\/spr\/sbp\/k26.html?wt_sc=resi26\" target=\"_blank\" rel=\"noopener\"><strong>www.goethe.de\/resi26<\/strong><\/a> findet man noch mehr Informationen, Nachdenkliches und Erheiterndes: <strong>Interviews, Videos, Artikel, Podcasts, Musik, Quizfragen und andere Webseiten<\/strong>.<\/p>\n\n\n\n<p><em>Ein ganz aktuelles Thema, das mir pers\u00f6nlich sehr am Herzen liegt und das Ihren \/ euren Unterricht sicherlich sehr bereichern kann!<\/em><\/p>\n\n\n\n<p>Das Leben ist nicht immer einfach. Es legt uns manchmal Steine in den Weg, \u00fcber die wir stolpern k\u00f6nnen. Das k\u00f6nnen schwierige oder traurige Situationen sein, kleine Probleme oder schwere Schicksalsschl\u00e4ge, wie zum Beispiel der Tod eines&nbsp;geliebten Menschen. Resilienz bedeutet, dass man nicht aufgibt und gut durch diese Krisen kommt. Man steht wieder auf,&nbsp;wenn man hingefallen ist. Und man ist danach oft st\u00e4rker als vorher.<\/p>\n\n\n\n<p>Entdecken Sie mit Ihren Lernenden 12 spannende Themen rund um&nbsp;<strong>Resilienz<\/strong>:<\/p>\n\n\n\n<ol class=\"wp-block-list\">\n<li><strong>Was ist Resilienz?<\/strong><\/li>\n\n\n\n<li><strong>Akzeptanz<\/strong><\/li>\n\n\n\n<li><strong>Zuversicht<\/strong>&nbsp;<\/li>\n\n\n\n<li><strong>Selbstwirksamkeit<\/strong><\/li>\n\n\n\n<li><strong>Verantwortung<\/strong><\/li>\n\n\n\n<li><strong>Netzwerk<\/strong><\/li>\n\n\n\n<li><strong>L\u00f6sungen im Fokus<\/strong><\/li>\n\n\n\n<li><strong>Auszeit<\/strong><\/li>\n\n\n\n<li><strong>Leuchtturmprojekte weltweit<\/strong><\/li>\n\n\n\n<li><strong>Engagement<\/strong><\/li>\n\n\n\n<li><strong>Hilfe<\/strong><\/li>\n\n\n\n<li><strong>Zukunft gestalten<\/strong><\/li>\n<\/ol>\n\n\n\n<p>Alle Vorder- und R\u00fcckseiten des Kalenders (d.h. <strong>alle Fotos und Texte<\/strong>) sowie die <strong>Arbeitsbl\u00e4tter (Niveaus A2 und B1) und Handreichungen<\/strong> finden Sie als <strong>gratis Download im <a href=\"https:\/\/www.goethe.de\/prj\/dlp\/de\/unterrichtsmaterial\/resilienz_was_uns_stark_macht\" target=\"_blank\" rel=\"noopener\">Portal Deutschstunde<\/a><\/strong><\/p>\n\n\n\n<p>Zur Umsetzung der Unterrichtsvorschl\u00e4ge gibt es auf der Deutschstunde zwei <strong>Online-Workshops<\/strong>, den ersten am<\/p>\n\n\n\n<ul class=\"wp-block-list\">\n<li><a href=\"https:\/\/www.goethe.de\/prj\/dlp\/de\/veranstaltungen\/27194494\" target=\"_blank\" rel=\"noopener noreferrer\">Mittwoch, 11.02.2026, 17:30 &#8211; 19:00 Uhr<\/a><\/li>\n<\/ul>\n\n\n\n<p>Zu den 12 Themen findet man in der <strong><a href=\"https:\/\/www.goethe.de\/prj\/dfd\/d\/tutorials\/all\/next\" target=\"_blank\" rel=\"noopener\">Community Deutsch f\u00fcr dich<\/a><\/strong> www.goethe.de\/dfd (Suchbegriff  Resilienz bei &#8222;Alle Lerninhalte&#8220;) bereits jetzt alle zus\u00e4tzlichen <strong>Online-\u00dcbungen ab Niveau B2<\/strong>!<\/p>\n\n\n\n\n\n\n","protected":false},"excerpt":{"rendered":"<p>12 Ideen f\u00fcr Ihren Unterricht zum Thema Resilienz Der Kalender 2026 des Goethe-Instituts: Auf der Website www.goethe.de\/resi26 findet man noch mehr Informationen, Nachdenkliches und Erheiterndes: Interviews, Videos, Artikel, Podcasts, Musik, Quizfragen und andere Webseiten. Ein ganz aktuelles Thema, das mir pers\u00f6nlich sehr am Herzen liegt und das Ihren \/ euren<\/p>\n","protected":false},"author":15460,"featured_media":94740,"comment_status":"open","ping_status":"open","sticky":false,"template":"","format":"standard","meta":{"_bbp_topic_count":0,"_bbp_reply_count":0,"_bbp_total_topic_count":0,"_bbp_total_reply_count":0,"_bbp_voice_count":0,"_bbp_anonymous_reply_count":0,"_bbp_topic_count_hidden":0,"_bbp_reply_count_hidden":0,"_bbp_forum_subforum_count":0,"jetpack_post_was_ever_published":false,"_jetpack_newsletter_access":"","_jetpack_dont_email_post_to_subs":false,"_jetpack_newsletter_tier_id":0,"_jetpack_memberships_contains_paywalled_content":false,"_jetpack_memberships_contains_paid_content":false,"footnotes":"","jetpack_publicize_message":"","jetpack_publicize_feature_enabled":true,"jetpack_social_post_already_shared":true,"jetpack_social_options":{"image_generator_settings":{"template":"highway","default_image_id":0,"font":"","enabled":false},"version":2}},"categories":[106,9,115,105,2,3,1],"tags":[],"class_list":["post-94739","post","type-post","status-publish","format-standard","has-post-thumbnail","hentry","category-downloadmaterial","category-leesvaardigheid","category-materialien-fuer-den-deutschunterricht","category-online","category-gespreksvaardigheid","category-lesmateriaal","category-geen-categorie"],"jetpack_publicize_connections":[],"jetpack_featured_media_url":"https:\/\/i0.wp.com\/www.duits.de\/docenten\/wp-content\/uploads\/2026\/01\/Screenshot-2026-01-29-at-15.44.46.png?fit=1164%2C1150&ssl=1","jetpack_sharing_enabled":true,"jetpack_shortlink":"https:\/\/wp.me\/p950fM-oE3","_links":{"self":[{"href":"https:\/\/www.duits.de\/docenten\/wp-json\/wp\/v2\/posts\/94739","targetHints":{"allow":["GET"]}}],"collection":[{"href":"https:\/\/www.duits.de\/docenten\/wp-json\/wp\/v2\/posts"}],"about":[{"href":"https:\/\/www.duits.de\/docenten\/wp-json\/wp\/v2\/types\/post"}],"author":[{"embeddable":true,"href":"https:\/\/www.duits.de\/docenten\/wp-json\/wp\/v2\/users\/15460"}],"replies":[{"embeddable":true,"href":"https:\/\/www.duits.de\/docenten\/wp-json\/wp\/v2\/comments?post=94739"}],"version-history":[{"count":6,"href":"https:\/\/www.duits.de\/docenten\/wp-json\/wp\/v2\/posts\/94739\/revisions"}],"predecessor-version":[{"id":94747,"href":"https:\/\/www.duits.de\/docenten\/wp-json\/wp\/v2\/posts\/94739\/revisions\/94747"}],"wp:featuredmedia":[{"embeddable":true,"href":"https:\/\/www.duits.de\/docenten\/wp-json\/wp\/v2\/media\/94740"}],"wp:attachment":[{"href":"https:\/\/www.duits.de\/docenten\/wp-json\/wp\/v2\/media?parent=94739"}],"wp:term":[{"taxonomy":"category","embeddable":true,"href":"https:\/\/www.duits.de\/docenten\/wp-json\/wp\/v2\/categories?post=94739"},{"taxonomy":"post_tag","embeddable":true,"href":"https:\/\/www.duits.de\/docenten\/wp-json\/wp\/v2\/tags?post=94739"}],"curies":[{"name":"wp","href":"https:\/\/api.w.org\/{rel}","templated":true}]}}